{"id":131,"count":2,"description":"K\u00fcl\u00f6nb\u00f6z\u0151 \u00e9p\u00edt\u0151ipari, f\u00f6ldmunka \u00e9s rakod\u00f3g\u00e9pek, mez\u0151gazdas\u00e1gi g\u00e9pek alkatr\u00e9szeit jav\u00edtjuk vagy gy\u00e1rtjuk \u00fczemcsarnokunkban.\r\nRakod\u00f3 vill\u00e1k-kanalak, \u00e1rok\u00e1s\u00f3kanalak, a g\u00e9pekre szerelhet\u0151 adapterek, t\u00f6r\u00f6tt, elrozsd\u00e1sodott burkolatok jav\u00edt\u00e1sa-\u00fajra gy\u00e1rt\u00e1sa.","link":"https:\/\/vilex.hu\/en\/product-category\/epitoipari-es-mezogazdasagi-gep-alkatreszek\/","name":"\u00c9p\u00edt\u0151ipari \u00e9s mez\u0151gazdas\u00e1gi g\u00e9p alkatr\u00e9szek","slug":"epitoipari-es-mezogazdasagi-gep-alkatreszek","taxonomy":"product_cat","parent":0,"meta":[],"z_taxonomy_image_url":"https:\/\/vilex.hu\/wp-content\/plugins\/categories-images\/assets\/images\/placeholder.png","_links":{"self":[{"href":"https:\/\/vilex.hu\/en\/wp-json\/wp\/v2\/product_cat\/131","targetHints":{"allow":["GET"]}}],"collection":[{"href":"https:\/\/vilex.hu\/en\/wp-json\/wp\/v2\/product_cat"}],"about":[{"href":"https:\/\/vilex.hu\/en\/wp-json\/wp\/v2\/taxonomies\/product_cat"}],"wp:post_type":[{"href":"https:\/\/vilex.hu\/en\/wp-json\/wp\/v2\/product?product_cat=131"}],"curies":[{"name":"wp","href":"https:\/\/api.w.org\/{rel}","templated":true}]}}